{"id":69520,"date":"2026-04-26T07:17:11","date_gmt":"2026-04-26T07:17:11","guid":{"rendered":"https:\/\/www.ciclismoenalicante.es\/?p=69520"},"modified":"2026-04-26T07:20:47","modified_gmt":"2026-04-26T07:20:47","slug":"brevet-300-kms","status":"publish","type":"post","link":"https:\/\/www.ciclismoenalicante.es\/?p=69520","title":{"rendered":"Brevet 300 Kms"},"content":{"rendered":"\n<p>Un Brevet ya cl\u00e1sico por lo mejor de la monta\u00f1a alicantina.<\/p>\n\n\n\n<p>Ayer, con algo de lluvia, pasando Tudons, Confrides, Creueta, Eb\u00f3, Cova del Rull, para pasando por el pantano de Beniarr\u00e9s, Agres y Biar volver a Alicante.<\/p>\n\n\n\n<p>Mucho desnivel acumulado y 300 kms de recorrido.<\/p>\n\n\n\n<figure class=\"wp-block-gallery has-nested-images columns-default is-cropped wp-block-gallery-1 is-layout-flex wp-block-gallery-is-layout-flex\">\n<figure class=\"wp-block-image\"><img fetchpriority=\"high\" decoding=\"async\" width=\"1024\" height=\"768\" data-id=\"69516\" src=\"https:\/\/www.ciclismoenalicante.es\/wp-content\/uploads\/2026\/04\/img_6048-1024x768.jpg\" alt=\"\" class=\"wp-image-69516\" srcset=\"https:\/\/www.ciclismoenalicante.es\/wp-content\/uploads\/2026\/04\/img_6048-1024x768.jpg 1024w, https:\/\/www.ciclismoenalicante.es\/wp-content\/uploads\/2026\/04\/img_6048-300x225.jpg 300w, https:\/\/www.ciclismoenalicante.es\/wp-content\/uploads\/2026\/04\/img_6048-768x576.jpg 768w, https:\/\/www.ciclismoenalicante.es\/wp-content\/uploads\/2026\/04\/img_6048-1536x1152.jpg 1536w, https:\/\/www.ciclismoenalicante.es\/wp-content\/uploads\/2026\/04\/img_6048.jpg 2000w\" sizes=\"(max-width: 1024px) 100vw, 1024px\" \/><\/figure>\n\n\n\n<figure class=\"wp-block-image\"><img decoding=\"async\" width=\"770\" height=\"1024\" data-id=\"69513\" src=\"https:\/\/www.ciclismoenalicante.es\/wp-content\/uploads\/2026\/04\/4e9a83f8-41da-4c4b-8625-15d56a9ace44-770x1024.jpg\" alt=\"\" class=\"wp-image-69513\" srcset=\"https:\/\/www.ciclismoenalicante.es\/wp-content\/uploads\/2026\/04\/4e9a83f8-41da-4c4b-8625-15d56a9ace44-770x1024.jpg 770w, https:\/\/www.ciclismoenalicante.es\/wp-content\/uploads\/2026\/04\/4e9a83f8-41da-4c4b-8625-15d56a9ace44-225x300.jpg 225w, https:\/\/www.ciclismoenalicante.es\/wp-content\/uploads\/2026\/04\/4e9a83f8-41da-4c4b-8625-15d56a9ace44-768x1022.jpg 768w, https:\/\/www.ciclismoenalicante.es\/wp-content\/uploads\/2026\/04\/4e9a83f8-41da-4c4b-8625-15d56a9ace44-1154x1536.jpg 1154w, https:\/\/www.ciclismoenalicante.es\/wp-content\/uploads\/2026\/04\/4e9a83f8-41da-4c4b-8625-15d56a9ace44.jpg 1503w\" sizes=\"(max-width: 770px) 100vw, 770px\" \/><\/figure>\n\n\n\n<figure class=\"wp-block-image\"><img decoding=\"async\" width=\"768\" height=\"1024\" data-id=\"69515\" src=\"https:\/\/www.ciclismoenalicante.es\/wp-content\/uploads\/2026\/04\/cfa40641-04ef-422b-9108-22b0b67304eb-768x1024.jpg\" alt=\"\" class=\"wp-image-69515\" srcset=\"https:\/\/www.ciclismoenalicante.es\/wp-content\/uploads\/2026\/04\/cfa40641-04ef-422b-9108-22b0b67304eb-768x1024.jpg 768w, https:\/\/www.ciclismoenalicante.es\/wp-content\/uploads\/2026\/04\/cfa40641-04ef-422b-9108-22b0b67304eb-225x300.jpg 225w, https:\/\/www.ciclismoenalicante.es\/wp-content\/uploads\/2026\/04\/cfa40641-04ef-422b-9108-22b0b67304eb-1152x1536.jpg 1152w, https:\/\/www.ciclismoenalicante.es\/wp-content\/uploads\/2026\/04\/cfa40641-04ef-422b-9108-22b0b67304eb.jpg 1500w\" sizes=\"(max-width: 768px) 100vw, 768px\" \/><\/figure>\n\n\n\n<figure class=\"wp-block-image\"><img loading=\"lazy\" decoding=\"async\" width=\"1024\" height=\"768\" data-id=\"69517\" src=\"https:\/\/www.ciclismoenalicante.es\/wp-content\/uploads\/2026\/04\/6e262430-a871-4645-a67e-3507e905c931-1024x768.jpg\" alt=\"\" class=\"wp-image-69517\" srcset=\"https:\/\/www.ciclismoenalicante.es\/wp-content\/uploads\/2026\/04\/6e262430-a871-4645-a67e-3507e905c931-1024x768.jpg 1024w, https:\/\/www.ciclismoenalicante.es\/wp-content\/uploads\/2026\/04\/6e262430-a871-4645-a67e-3507e905c931-300x225.jpg 300w, https:\/\/www.ciclismoenalicante.es\/wp-content\/uploads\/2026\/04\/6e262430-a871-4645-a67e-3507e905c931-768x576.jpg 768w, https:\/\/www.ciclismoenalicante.es\/wp-content\/uploads\/2026\/04\/6e262430-a871-4645-a67e-3507e905c931-1536x1152.jpg 1536w, https:\/\/www.ciclismoenalicante.es\/wp-content\/uploads\/2026\/04\/6e262430-a871-4645-a67e-3507e905c931.jpg 2000w\" sizes=\"(max-width: 1024px) 100vw, 1024px\" \/><\/figure>\n\n\n\n<figure class=\"wp-block-image\"><img loading=\"lazy\" decoding=\"async\" width=\"768\" height=\"1024\" data-id=\"69512\" src=\"https:\/\/www.ciclismoenalicante.es\/wp-content\/uploads\/2026\/04\/6912e10d-e836-47ac-ad8d-baaee152176c-768x1024.jpg\" alt=\"\" class=\"wp-image-69512\" srcset=\"https:\/\/www.ciclismoenalicante.es\/wp-content\/uploads\/2026\/04\/6912e10d-e836-47ac-ad8d-baaee152176c-768x1024.jpg 768w, https:\/\/www.ciclismoenalicante.es\/wp-content\/uploads\/2026\/04\/6912e10d-e836-47ac-ad8d-baaee152176c-225x300.jpg 225w, https:\/\/www.ciclismoenalicante.es\/wp-content\/uploads\/2026\/04\/6912e10d-e836-47ac-ad8d-baaee152176c-1152x1536.jpg 1152w, https:\/\/www.ciclismoenalicante.es\/wp-content\/uploads\/2026\/04\/6912e10d-e836-47ac-ad8d-baaee152176c.jpg 1500w\" sizes=\"(max-width: 768px) 100vw, 768px\" \/><\/figure>\n\n\n\n<figure class=\"wp-block-image\"><img loading=\"lazy\" decoding=\"async\" width=\"1024\" height=\"768\" data-id=\"69514\" src=\"https:\/\/www.ciclismoenalicante.es\/wp-content\/uploads\/2026\/04\/45592d5c-be53-44d1-9f3d-60fe3006dd67-1024x768.jpg\" alt=\"\" class=\"wp-image-69514\" srcset=\"https:\/\/www.ciclismoenalicante.es\/wp-content\/uploads\/2026\/04\/45592d5c-be53-44d1-9f3d-60fe3006dd67-1024x768.jpg 1024w, https:\/\/www.ciclismoenalicante.es\/wp-content\/uploads\/2026\/04\/45592d5c-be53-44d1-9f3d-60fe3006dd67-300x225.jpg 300w, https:\/\/www.ciclismoenalicante.es\/wp-content\/uploads\/2026\/04\/45592d5c-be53-44d1-9f3d-60fe3006dd67-768x576.jpg 768w, https:\/\/www.ciclismoenalicante.es\/wp-content\/uploads\/2026\/04\/45592d5c-be53-44d1-9f3d-60fe3006dd67-1536x1152.jpg 1536w, https:\/\/www.ciclismoenalicante.es\/wp-content\/uploads\/2026\/04\/45592d5c-be53-44d1-9f3d-60fe3006dd67.jpg 1600w\" sizes=\"(max-width: 1024px) 100vw, 1024px\" \/><\/figure>\n\n\n\n<figure class=\"wp-block-image\"><img loading=\"lazy\" decoding=\"async\" width=\"768\" height=\"1024\" data-id=\"69518\" src=\"https:\/\/www.ciclismoenalicante.es\/wp-content\/uploads\/2026\/04\/789d1690-4fce-4be5-8656-a9d208c14172-768x1024.jpg\" alt=\"\" class=\"wp-image-69518\" srcset=\"https:\/\/www.ciclismoenalicante.es\/wp-content\/uploads\/2026\/04\/789d1690-4fce-4be5-8656-a9d208c14172-768x1024.jpg 768w, https:\/\/www.ciclismoenalicante.es\/wp-content\/uploads\/2026\/04\/789d1690-4fce-4be5-8656-a9d208c14172-225x300.jpg 225w, https:\/\/www.ciclismoenalicante.es\/wp-content\/uploads\/2026\/04\/789d1690-4fce-4be5-8656-a9d208c14172-1152x1536.jpg 1152w, https:\/\/www.ciclismoenalicante.es\/wp-content\/uploads\/2026\/04\/789d1690-4fce-4be5-8656-a9d208c14172.jpg 1500w\" sizes=\"(max-width: 768px) 100vw, 768px\" \/><\/figure>\n<\/figure>\n","protected":false},"excerpt":{"rendered":"<p>Un Brevet ya cl\u00e1sico por lo mejor de la monta\u00f1a alicantina. Ayer, con algo de lluvia, pasando Tudons, Confrides, Creueta, Eb\u00f3, Cova del Rull, para pasando por el pantano de Beniarr\u00e9s, Agres y Biar volver a Alicante. Mucho desnivel acumulado &hellip; <a href=\"https:\/\/www.ciclismoenalicante.es\/?p=69520\">Sigue leyendo <span class=\"meta-nav\">&rarr;<\/span><\/a><\/p>\n","protected":false},"author":1,"featured_media":69519,"comment_status":"closed","ping_status":"open","sticky":false,"template":"","format":"standard","meta":{"footnotes":""},"categories":[1],"tags":[],"class_list":["post-69520","post","type-post","status-publish","format-standard","has-post-thumbnail","hentry","category-sin-categoria"],"_links":{"self":[{"href":"https:\/\/www.ciclismoenalicante.es\/index.php?rest_route=\/wp\/v2\/posts\/69520","targetHints":{"allow":["GET"]}}],"collection":[{"href":"https:\/\/www.ciclismoenalicante.es\/index.php?rest_route=\/wp\/v2\/posts"}],"about":[{"href":"https:\/\/www.ciclismoenalicante.es\/index.php?rest_route=\/wp\/v2\/types\/post"}],"author":[{"embeddable":true,"href":"https:\/\/www.ciclismoenalicante.es\/index.php?rest_route=\/wp\/v2\/users\/1"}],"replies":[{"embeddable":true,"href":"https:\/\/www.ciclismoenalicante.es\/index.php?rest_route=%2Fwp%2Fv2%2Fcomments&post=69520"}],"version-history":[{"count":3,"href":"https:\/\/www.ciclismoenalicante.es\/index.php?rest_route=\/wp\/v2\/posts\/69520\/revisions"}],"predecessor-version":[{"id":69523,"href":"https:\/\/www.ciclismoenalicante.es\/index.php?rest_route=\/wp\/v2\/posts\/69520\/revisions\/69523"}],"wp:featuredmedia":[{"embeddable":true,"href":"https:\/\/www.ciclismoenalicante.es\/index.php?rest_route=\/wp\/v2\/media\/69519"}],"wp:attachment":[{"href":"https:\/\/www.ciclismoenalicante.es\/index.php?rest_route=%2Fwp%2Fv2%2Fmedia&parent=69520"}],"wp:term":[{"taxonomy":"category","embeddable":true,"href":"https:\/\/www.ciclismoenalicante.es\/index.php?rest_route=%2Fwp%2Fv2%2Fcategories&post=69520"},{"taxonomy":"post_tag","embeddable":true,"href":"https:\/\/www.ciclismoenalicante.es\/index.php?rest_route=%2Fwp%2Fv2%2Ftags&post=69520"}],"curies":[{"name":"wp","href":"https:\/\/api.w.org\/{rel}","templated":true}]}}