{"id":33036,"date":"2026-02-10T16:11:54","date_gmt":"2026-02-10T16:11:54","guid":{"rendered":"https:\/\/www.ciclismoenalicante.es\/?p=33036"},"modified":"2026-02-22T12:25:19","modified_gmt":"2026-02-22T12:25:19","slug":"sr-alicante-costa-blanca-2","status":"publish","type":"post","link":"https:\/\/www.ciclismoenalicante.es\/?p=33036","title":{"rendered":"SR ALICANTE COSTA BLANCA"},"content":{"rendered":"\n<figure class=\"wp-block-image size-full\"><img fetchpriority=\"high\" decoding=\"async\" width=\"850\" height=\"500\" src=\"https:\/\/www.ciclismoenalicante.es\/wp-content\/uploads\/2026\/02\/comtat-cycling-850-1.jpg\" alt=\"\" class=\"wp-image-33037\" srcset=\"https:\/\/www.ciclismoenalicante.es\/wp-content\/uploads\/2026\/02\/comtat-cycling-850-1.jpg 850w, https:\/\/www.ciclismoenalicante.es\/wp-content\/uploads\/2026\/02\/comtat-cycling-850-1-300x176.jpg 300w, https:\/\/www.ciclismoenalicante.es\/wp-content\/uploads\/2026\/02\/comtat-cycling-850-1-768x452.jpg 768w, https:\/\/www.ciclismoenalicante.es\/wp-content\/uploads\/2026\/02\/comtat-cycling-850-1-500x294.jpg 500w\" sizes=\"(max-width: 850px) 100vw, 850px\" \/><\/figure>\n\n\n\n<p>600 km.<br>M\u00e1s de 12.000 metros de desnivel positivo.<br>Todo dentro de una misma provincia, siempre con el Mediterr\u00e1neo asom\u00e1ndose al fondo.<\/p>\n\n\n\n<p>Eso es&nbsp;<strong>Alicante<\/strong>.<\/p>\n\n\n\n<p>Este domingo, otros tres&nbsp;<em>randonneurs<\/em>&nbsp;se atrever\u00e1n con ella.<br>Les esperan&nbsp;<strong>dobles d\u00edgitos<\/strong>, noches largas, piernas al l\u00edmite y cabeza fr\u00eda. Ojal\u00e1 el tiempo acompa\u00f1e: cuando lo hace, pedalear aqu\u00ed es un privilegio dif\u00edcil de igualar.<\/p>\n\n\n\n<p>Carreteras que suben sin avisar, sierras encadenadas, miradores sobre el mar y ese contraste tan nuestro entre dureza y belleza. Sufrir, s\u00ed. Pero en un entorno espectacular.<\/p>\n\n\n\n<p>Este es el&nbsp;<strong>Libro de Ruta<\/strong>.<br>Ahora solo falta lo m\u00e1s importante: dar la primera pedalada&nbsp;<\/p>\n\n\n\n<div data-wp-interactive=\"core\/file\" class=\"wp-block-file\"><object data-wp-bind--hidden=\"!state.hasPdfPreview\" hidden class=\"wp-block-file__embed\" data=\"https:\/\/www.ciclismoenalicante.es\/wp-content\/uploads\/2026\/02\/SR-Costa-Blanca-Libro-de-Ruta-4.pdf\" type=\"application\/pdf\" style=\"width:100%;height:600px\" aria-label=\"Incrustado de SR Costa Blanca Libro de Ruta.\"><\/object><a id=\"wp-block-file--media-2a57f1c7-166f-4fe5-8f69-189e6bd67b3e\" href=\"https:\/\/www.ciclismoenalicante.es\/wp-content\/uploads\/2026\/02\/SR-Costa-Blanca-Libro-de-Ruta-4.pdf\">SR Costa Blanca Libro de Ruta<\/a><a href=\"https:\/\/www.ciclismoenalicante.es\/wp-content\/uploads\/2026\/02\/SR-Costa-Blanca-Libro-de-Ruta-4.pdf\" class=\"wp-block-file__button wp-element-button\" download aria-describedby=\"wp-block-file--media-2a57f1c7-166f-4fe5-8f69-189e6bd67b3e\">Descarga<\/a><\/div>\n","protected":false},"excerpt":{"rendered":"<p>600 km.M\u00e1s de 12.000 metros de desnivel positivo.Todo dentro de una misma provincia, siempre con el Mediterr\u00e1neo asom\u00e1ndose al fondo. Eso es&nbsp;Alicante. Este domingo, otros tres&nbsp;randonneurs&nbsp;se atrever\u00e1n con ella.Les esperan&nbsp;dobles d\u00edgitos, noches largas, piernas al l\u00edmite y cabeza fr\u00eda. Ojal\u00e1 &hellip; <a href=\"https:\/\/www.ciclismoenalicante.es\/?p=33036\">Sigue leyendo <span class=\"meta-nav\">&rarr;<\/span><\/a><\/p>\n","protected":false},"author":1,"featured_media":0,"comment_status":"open","ping_status":"open","sticky":false,"template":"","format":"standard","meta":{"footnotes":""},"categories":[1],"tags":[],"class_list":["post-33036","post","type-post","status-publish","format-standard","hentry","category-sin-categoria"],"_links":{"self":[{"href":"https:\/\/www.ciclismoenalicante.es\/index.php?rest_route=\/wp\/v2\/posts\/33036","targetHints":{"allow":["GET"]}}],"collection":[{"href":"https:\/\/www.ciclismoenalicante.es\/index.php?rest_route=\/wp\/v2\/posts"}],"about":[{"href":"https:\/\/www.ciclismoenalicante.es\/index.php?rest_route=\/wp\/v2\/types\/post"}],"author":[{"embeddable":true,"href":"https:\/\/www.ciclismoenalicante.es\/index.php?rest_route=\/wp\/v2\/users\/1"}],"replies":[{"embeddable":true,"href":"https:\/\/www.ciclismoenalicante.es\/index.php?rest_route=%2Fwp%2Fv2%2Fcomments&post=33036"}],"version-history":[{"count":2,"href":"https:\/\/www.ciclismoenalicante.es\/index.php?rest_route=\/wp\/v2\/posts\/33036\/revisions"}],"predecessor-version":[{"id":42640,"href":"https:\/\/www.ciclismoenalicante.es\/index.php?rest_route=\/wp\/v2\/posts\/33036\/revisions\/42640"}],"wp:attachment":[{"href":"https:\/\/www.ciclismoenalicante.es\/index.php?rest_route=%2Fwp%2Fv2%2Fmedia&parent=33036"}],"wp:term":[{"taxonomy":"category","embeddable":true,"href":"https:\/\/www.ciclismoenalicante.es\/index.php?rest_route=%2Fwp%2Fv2%2Fcategories&post=33036"},{"taxonomy":"post_tag","embeddable":true,"href":"https:\/\/www.ciclismoenalicante.es\/index.php?rest_route=%2Fwp%2Fv2%2Ftags&post=33036"}],"curies":[{"name":"wp","href":"https:\/\/api.w.org\/{rel}","templated":true}]}}